{"id":12287,"date":"2026-04-16T20:05:35","date_gmt":"2026-04-16T20:05:35","guid":{"rendered":"https:\/\/xposed-demo.hasans.de\/black-man-daysum-dia-de-negao\/"},"modified":"2026-04-19T16:51:26","modified_gmt":"2026-04-19T16:51:26","slug":"black-man-daysum-dia-de-negao","status":"publish","type":"post","link":"https:\/\/xposedfilmfestival.com\/2026\/black-man-daysum-dia-de-negao\/","title":{"rendered":"Black Man Days (Um dia de Neg\u00e3o)"},"content":{"rendered":"\t\t<div data-elementor-type=\"wp-post\" data-elementor-id=\"12287\" class=\"elementor elementor-12287\">\n\t\t\t\t<div class=\"elementor-element elementor-element-07cec74 e-flex e-con-boxed qodef-elementor-content-no e-con e-parent\" data-id=\"07cec74\" data-element_type=\"container\" data-e-type=\"container\">\n\t\t\t\t\t<div class=\"e-con-inner\">\n\t\t<div class=\"elementor-element elementor-element-48e05f0 e-con-full e-flex qodef-elementor-content-no e-con e-child\" data-id=\"48e05f0\" data-element_type=\"container\" data-e-type=\"container\" data-settings=\"{&quot;background_background&quot;:&quot;slideshow&quot;,&quot;background_slideshow_gallery&quot;:[],&quot;background_slideshow_loop&quot;:&quot;yes&quot;,&quot;background_slideshow_slide_duration&quot;:5000,&quot;background_slideshow_slide_transition&quot;:&quot;fade&quot;,&quot;background_slideshow_transition_duration&quot;:500}\">\n\t\t\t\t<div class=\"elementor-element elementor-element-8576641 film-poster-container elementor-widget elementor-widget-image\" data-id=\"8576641\" data-element_type=\"widget\" data-e-type=\"widget\" data-widget_type=\"image.default\">\n\t\t\t\t\t\t\t\t\t\t\t\t\t\t\t<img fetchpriority=\"high\" decoding=\"async\" width=\"1414\" height=\"2000\" src=\"https:\/\/xposedfilmfestival.com\/2026\/wp-content\/uploads\/2026\/04\/um-dia-de-negao_cartaz-Analu-Avelar.webp\" class=\"attachment-full size-full wp-image-12376\" alt=\"\" srcset=\"https:\/\/xposedfilmfestival.com\/2026\/wp-content\/uploads\/2026\/04\/um-dia-de-negao_cartaz-Analu-Avelar.webp 1414w, https:\/\/xposedfilmfestival.com\/2026\/wp-content\/uploads\/2026\/04\/um-dia-de-negao_cartaz-Analu-Avelar-212x300.webp 212w, https:\/\/xposedfilmfestival.com\/2026\/wp-content\/uploads\/2026\/04\/um-dia-de-negao_cartaz-Analu-Avelar-724x1024.webp 724w, https:\/\/xposedfilmfestival.com\/2026\/wp-content\/uploads\/2026\/04\/um-dia-de-negao_cartaz-Analu-Avelar-768x1086.webp 768w, https:\/\/xposedfilmfestival.com\/2026\/wp-content\/uploads\/2026\/04\/um-dia-de-negao_cartaz-Analu-Avelar-1086x1536.webp 1086w\" sizes=\"(max-width: 1414px) 100vw, 1414px\" \/>\t\t\t\t\t\t\t\t\t\t\t\t\t\t\t<\/div>\n\t\t\t\t<\/div>\n\t\t<div class=\"elementor-element elementor-element-d08928b e-con-full e-flex qodef-elementor-content-no e-con e-child\" data-id=\"d08928b\" data-element_type=\"container\" data-e-type=\"container\">\n\t\t\t\t<div class=\"elementor-element elementor-element-5b567fd elementor-widget elementor-widget-heading\" data-id=\"5b567fd\" data-element_type=\"widget\" data-e-type=\"widget\" data-widget_type=\"heading.default\">\n\t\t\t\t\t<h2 class=\"elementor-heading-title elementor-size-default\">Black Man Days (Um dia de Neg\u00e3o)<\/h2>\t\t\t\t<\/div>\n\t\t\t\t<div class=\"elementor-element elementor-element-2750f44 elementor-widget-divider--view-line elementor-widget elementor-widget-divider\" data-id=\"2750f44\" data-element_type=\"widget\" data-e-type=\"widget\" data-widget_type=\"divider.default\">\n\t\t\t\t\t\t\t<div class=\"elementor-divider\">\n\t\t\t<span class=\"elementor-divider-separator\">\n\t\t\t\t\t\t<\/span>\n\t\t<\/div>\n\t\t\t\t\t\t<\/div>\n\t\t<div class=\"elementor-element elementor-element-72ab3b8 e-grid e-con-full qodef-elementor-content-no e-con e-child\" data-id=\"72ab3b8\" data-element_type=\"container\" data-e-type=\"container\">\n\t\t<div class=\"elementor-element elementor-element-a1b1e78 e-con-full e-flex qodef-elementor-content-no e-con e-child\" data-id=\"a1b1e78\" data-element_type=\"container\" data-e-type=\"container\">\n\t\t\t\t<div class=\"elementor-element elementor-element-1ef4241 elementor-widget elementor-widget-text-editor\" data-id=\"1ef4241\" data-element_type=\"widget\" data-e-type=\"widget\" data-widget_type=\"text-editor.default\">\n\t\t\t\t\t\t\t\t\t<p>Babylon Kreuzberg<\/p>\t\t\t\t\t\t\t\t<\/div>\n\t\t\t\t<div class=\"elementor-element elementor-element-80020c0 elementor-widget elementor-widget-text-editor\" data-id=\"80020c0\" data-element_type=\"widget\" data-e-type=\"widget\" data-widget_type=\"text-editor.default\">\n\t\t\t\t\t\t\t\t\t<p>31.05.2026 &#8211; 20:30<\/p>\t\t\t\t\t\t\t\t<\/div>\n\t\t\t\t<\/div>\n\t\t\t\t<\/div>\n\t\t\t\t<div class=\"elementor-element elementor-element-502a150 elementor-widget-divider--view-line elementor-widget elementor-widget-divider\" data-id=\"502a150\" data-element_type=\"widget\" data-e-type=\"widget\" data-widget_type=\"divider.default\">\n\t\t\t\t\t\t\t<div class=\"elementor-divider\">\n\t\t\t<span class=\"elementor-divider-separator\">\n\t\t\t\t\t\t<\/span>\n\t\t<\/div>\n\t\t\t\t\t\t<\/div>\n\t\t\t\t<div class=\"elementor-element elementor-element-01e0af4 elementor-widget elementor-widget-text-editor\" data-id=\"01e0af4\" data-element_type=\"widget\" data-e-type=\"widget\" data-widget_type=\"text-editor.default\">\n\t\t\t\t\t\t\t\t\t<p>Three black trans men confront manifestations of their unconscious while living their daily lives in the Salvador. Each encounter reflects their internal struggles and the pressures of a society that demands a rigid masculinity. Amidst these experiences, they share reflections on the expectations of living a healthier masculinity, free from stereotypes.<\/p>\t\t\t\t\t\t\t\t<\/div>\n\t\t\t\t<div class=\"elementor-element elementor-element-b1c5bc0 elementor-widget-divider--view-line elementor-widget elementor-widget-divider\" data-id=\"b1c5bc0\" data-element_type=\"widget\" data-e-type=\"widget\" data-widget_type=\"divider.default\">\n\t\t\t\t\t\t\t<div class=\"elementor-divider\">\n\t\t\t<span class=\"elementor-divider-separator\">\n\t\t\t\t\t\t<\/span>\n\t\t<\/div>\n\t\t\t\t\t\t<\/div>\n\t\t\t\t<div class=\"elementor-element elementor-element-c07410a elementor-widget elementor-widget-text-editor\" data-id=\"c07410a\" data-element_type=\"widget\" data-e-type=\"widget\" data-widget_type=\"text-editor.default\">\n\t\t\t\t\t\t\t\t\t<p>Director: Rebeca Carmo and Analu Nascimento<br \/>Writer: Rebeca Carmo, Analu Nascimento and Zahran Lorenzo<br \/>Country: Brazil, 2024<br \/>Language: Portuguese<br \/>Subtitle: English<br \/>Duration:\u00a0 7 min<\/p>\t\t\t\t\t\t\t\t<\/div>\n\t\t\t\t<\/div>\n\t\t\t\t\t<\/div>\n\t\t\t\t<\/div>\n\t\t<div class=\"elementor-element elementor-element-52228cf e-flex e-con-boxed qodef-elementor-content-no e-con e-parent\" data-id=\"52228cf\" data-element_type=\"container\" data-e-type=\"container\">\n\t\t\t\t\t<div class=\"e-con-inner\">\n\t\t\t\t<div class=\"elementor-element elementor-element-f4d26a8 elementor-arrows-position-inside elementor-widget elementor-widget-image-carousel\" data-id=\"f4d26a8\" data-element_type=\"widget\" data-e-type=\"widget\" data-settings=\"{&quot;slides_to_show&quot;:&quot;2&quot;,&quot;slides_to_scroll&quot;:&quot;1&quot;,&quot;navigation&quot;:&quot;arrows&quot;,&quot;autoplay&quot;:&quot;yes&quot;,&quot;pause_on_hover&quot;:&quot;yes&quot;,&quot;pause_on_interaction&quot;:&quot;yes&quot;,&quot;autoplay_speed&quot;:5000,&quot;infinite&quot;:&quot;yes&quot;,&quot;speed&quot;:500,&quot;image_spacing_custom&quot;:{&quot;unit&quot;:&quot;px&quot;,&quot;size&quot;:20,&quot;sizes&quot;:[]},&quot;image_spacing_custom_tablet&quot;:{&quot;unit&quot;:&quot;px&quot;,&quot;size&quot;:&quot;&quot;,&quot;sizes&quot;:[]},&quot;image_spacing_custom_mobile&quot;:{&quot;unit&quot;:&quot;px&quot;,&quot;size&quot;:&quot;&quot;,&quot;sizes&quot;:[]}}\" data-widget_type=\"image-carousel.default\">\n\t\t\t\t\t\t\t<div class=\"elementor-image-carousel-wrapper swiper\" role=\"region\" aria-roledescription=\"carousel\" aria-label=\"\" dir=\"ltr\">\n\t\t\t<div class=\"elementor-image-carousel swiper-wrapper\" aria-live=\"off\">\n\t\t\t\t\t\t\t\t<div class=\"swiper-slide\" role=\"group\" aria-roledescription=\"slide\" aria-label=\"1 of 4\"><a data-elementor-open-lightbox=\"yes\" data-elementor-lightbox-slideshow=\"f4d26a8\" data-elementor-lightbox-title=\"um dia de nega\u0303o_1 - Analu Avelar\" data-e-action-hash=\"#elementor-action%3Aaction%3Dlightbox%26settings%3DeyJpZCI6MTI3MjksInVybCI6Imh0dHBzOlwvXC94cG9zZWRmaWxtZmVzdGl2YWwuY29tXC8yMDI2XC93cC1jb250ZW50XC91cGxvYWRzXC8yMDI2XC8wNFwvdW0tZGlhLWRlLW5lZ2FvXzEtQW5hbHUtQXZlbGFyLmF2aWYiLCJzbGlkZXNob3ciOiJmNGQyNmE4In0%3D\" href=\"https:\/\/xposedfilmfestival.com\/2026\/wp-content\/uploads\/2026\/04\/um-dia-de-negao_1-Analu-Avelar.avif\"><figure class=\"swiper-slide-inner\"><img decoding=\"async\" class=\"swiper-slide-image\" src=\"https:\/\/xposedfilmfestival.com\/2026\/wp-content\/uploads\/2026\/04\/um-dia-de-negao_1-Analu-Avelar.avif\" alt=\"um dia de nega\u0303o_1 - Analu Avelar\" \/><\/figure><\/a><\/div><div class=\"swiper-slide\" role=\"group\" aria-roledescription=\"slide\" aria-label=\"2 of 4\"><a data-elementor-open-lightbox=\"yes\" data-elementor-lightbox-slideshow=\"f4d26a8\" data-elementor-lightbox-title=\"um dia de nega\u0303o_4 - Analu Avelar\" data-e-action-hash=\"#elementor-action%3Aaction%3Dlightbox%26settings%3DeyJpZCI6MTI3MzAsInVybCI6Imh0dHBzOlwvXC94cG9zZWRmaWxtZmVzdGl2YWwuY29tXC8yMDI2XC93cC1jb250ZW50XC91cGxvYWRzXC8yMDI2XC8wNFwvdW0tZGlhLWRlLW5lZ2FvXzQtQW5hbHUtQXZlbGFyLmF2aWYiLCJzbGlkZXNob3ciOiJmNGQyNmE4In0%3D\" href=\"https:\/\/xposedfilmfestival.com\/2026\/wp-content\/uploads\/2026\/04\/um-dia-de-negao_4-Analu-Avelar.avif\"><figure class=\"swiper-slide-inner\"><img decoding=\"async\" class=\"swiper-slide-image\" src=\"https:\/\/xposedfilmfestival.com\/2026\/wp-content\/uploads\/2026\/04\/um-dia-de-negao_4-Analu-Avelar.avif\" alt=\"um dia de nega\u0303o_4 - Analu Avelar\" \/><\/figure><\/a><\/div><div class=\"swiper-slide\" role=\"group\" aria-roledescription=\"slide\" aria-label=\"3 of 4\"><a data-elementor-open-lightbox=\"yes\" data-elementor-lightbox-slideshow=\"f4d26a8\" data-elementor-lightbox-title=\"um dia de nega\u0303o_de_Aika Kayin - Analu Avelar\" data-e-action-hash=\"#elementor-action%3Aaction%3Dlightbox%26settings%3DeyJpZCI6MTI3MzEsInVybCI6Imh0dHBzOlwvXC94cG9zZWRmaWxtZmVzdGl2YWwuY29tXC8yMDI2XC93cC1jb250ZW50XC91cGxvYWRzXC8yMDI2XC8wNFwvdW0tZGlhLWRlLW5lZ2FvX2RlX0Fpa2EtS2F5aW4tQW5hbHUtQXZlbGFyLmF2aWYiLCJzbGlkZXNob3ciOiJmNGQyNmE4In0%3D\" href=\"https:\/\/xposedfilmfestival.com\/2026\/wp-content\/uploads\/2026\/04\/um-dia-de-negao_de_Aika-Kayin-Analu-Avelar.avif\"><figure class=\"swiper-slide-inner\"><img decoding=\"async\" class=\"swiper-slide-image\" src=\"https:\/\/xposedfilmfestival.com\/2026\/wp-content\/uploads\/2026\/04\/um-dia-de-negao_de_Aika-Kayin-Analu-Avelar.avif\" alt=\"um dia de nega\u0303o_de_Aika Kayin - Analu Avelar\" \/><\/figure><\/a><\/div><div class=\"swiper-slide\" role=\"group\" aria-roledescription=\"slide\" aria-label=\"4 of 4\"><a data-elementor-open-lightbox=\"yes\" data-elementor-lightbox-slideshow=\"f4d26a8\" data-elementor-lightbox-title=\"um dia de nega\u0303o2_de_Aika Kayin2 - Analu Avelar\" data-e-action-hash=\"#elementor-action%3Aaction%3Dlightbox%26settings%3DeyJpZCI6MTI3MzMsInVybCI6Imh0dHBzOlwvXC94cG9zZWRmaWxtZmVzdGl2YWwuY29tXC8yMDI2XC93cC1jb250ZW50XC91cGxvYWRzXC8yMDI2XC8wNFwvdW0tZGlhLWRlLW5lZ2FvMl9kZV9BaWthLUtheWluMi1BbmFsdS1BdmVsYXIuYXZpZiIsInNsaWRlc2hvdyI6ImY0ZDI2YTgifQ%3D%3D\" href=\"https:\/\/xposedfilmfestival.com\/2026\/wp-content\/uploads\/2026\/04\/um-dia-de-negao2_de_Aika-Kayin2-Analu-Avelar.avif\"><figure class=\"swiper-slide-inner\"><img decoding=\"async\" class=\"swiper-slide-image\" src=\"https:\/\/xposedfilmfestival.com\/2026\/wp-content\/uploads\/2026\/04\/um-dia-de-negao2_de_Aika-Kayin2-Analu-Avelar.avif\" alt=\"um dia de nega\u0303o2_de_Aika Kayin2 - Analu Avelar\" \/><\/figure><\/a><\/div>\t\t\t<\/div>\n\t\t\t\t\t\t\t\t\t\t\t\t<div class=\"elementor-swiper-button elementor-swiper-button-prev\" role=\"button\" tabindex=\"0\">\n\t\t\t\t\t\t<svg aria-hidden=\"true\" class=\"e-font-icon-svg e-eicon-chevron-left\" viewBox=\"0 0 1000 1000\" xmlns=\"http:\/\/www.w3.org\/2000\/svg\"><path d=\"M646 125C629 125 613 133 604 142L308 442C296 454 292 471 292 487 292 504 296 521 308 533L604 854C617 867 629 875 646 875 663 875 679 871 692 858 704 846 713 829 713 812 713 796 708 779 692 767L438 487 692 225C700 217 708 204 708 187 708 171 704 154 692 142 675 129 663 125 646 125Z\"><\/path><\/svg>\t\t\t\t\t<\/div>\n\t\t\t\t\t<div class=\"elementor-swiper-button elementor-swiper-button-next\" role=\"button\" tabindex=\"0\">\n\t\t\t\t\t\t<svg aria-hidden=\"true\" class=\"e-font-icon-svg e-eicon-chevron-right\" viewBox=\"0 0 1000 1000\" xmlns=\"http:\/\/www.w3.org\/2000\/svg\"><path d=\"M696 533C708 521 713 504 713 487 713 471 708 454 696 446L400 146C388 133 375 125 354 125 338 125 325 129 313 142 300 154 292 171 292 187 292 204 296 221 308 233L563 492 304 771C292 783 288 800 288 817 288 833 296 850 308 863 321 871 338 875 354 875 371 875 388 867 400 854L696 533Z\"><\/path><\/svg>\t\t\t\t\t<\/div>\n\t\t\t\t\n\t\t\t\t\t\t\t\t\t<\/div>\n\t\t\t\t\t\t<\/div>\n\t\t\t\t<div class=\"elementor-element elementor-element-918ae4d elementor-widget elementor-widget-heading\" data-id=\"918ae4d\" data-element_type=\"widget\" data-e-type=\"widget\" data-widget_type=\"heading.default\">\n\t\t\t\t\t<h2 class=\"elementor-heading-title elementor-size-default\">Similar Movies<\/h2>\t\t\t\t<\/div>\n\t\t\t\t<div class=\"elementor-element elementor-element-7eeace2 elementor-widget elementor-widget-coppola_core_blog_list\" data-id=\"7eeace2\" data-element_type=\"widget\" data-e-type=\"widget\" data-widget_type=\"coppola_core_blog_list.default\">\n\t\t\t\t<div class=\"elementor-widget-container\">\n\t\t\t\t\t<div class=\"qodef-shortcode qodef-m qodef-blog qodef-item-layout--info-over qodef--light-skin qodef-grid qodef-layout--columns qodef-gutter--normal qodef-col-num--3 qodef-item-layout--info-over qodef--no-bottom-space qodef-pagination--off qodef-responsive--predefined qodef-swiper-pagination--on\" data-options=\"{&quot;plugin&quot;:&quot;coppola_core&quot;,&quot;module&quot;:&quot;blog\\\/shortcodes&quot;,&quot;shortcode&quot;:&quot;blog-list&quot;,&quot;post_type&quot;:&quot;post&quot;,&quot;next_page&quot;:&quot;2&quot;,&quot;max_pages_num&quot;:12,&quot;enable_light_skin&quot;:&quot;yes&quot;,&quot;behavior&quot;:&quot;columns&quot;,&quot;custom_proportions&quot;:&quot;no&quot;,&quot;images_proportion&quot;:&quot;custom&quot;,&quot;custom_image_width&quot;:&quot;400&quot;,&quot;custom_image_height&quot;:&quot;300&quot;,&quot;columns&quot;:&quot;3&quot;,&quot;columns_responsive&quot;:&quot;predefined&quot;,&quot;columns_1440&quot;:&quot;3&quot;,&quot;columns_1366&quot;:&quot;3&quot;,&quot;columns_1024&quot;:&quot;3&quot;,&quot;columns_768&quot;:&quot;3&quot;,&quot;columns_680&quot;:&quot;3&quot;,&quot;columns_480&quot;:&quot;3&quot;,&quot;space&quot;:&quot;normal&quot;,&quot;posts_per_page&quot;:&quot;3&quot;,&quot;orderby&quot;:&quot;rand&quot;,&quot;order&quot;:&quot;DESC&quot;,&quot;additional_params&quot;:&quot;tax&quot;,&quot;tax&quot;:&quot;category&quot;,&quot;tax_slug&quot;:&quot;movie&quot;,&quot;layout&quot;:&quot;info-over&quot;,&quot;title_tag&quot;:&quot;h6&quot;,&quot;text_transform&quot;:&quot;initial&quot;,&quot;toggle_read_more&quot;:&quot;no&quot;,&quot;toggle_author&quot;:&quot;no&quot;,&quot;excerpt_length&quot;:&quot;0&quot;,&quot;enable_tags&quot;:&quot;no&quot;,&quot;pagination_type&quot;:&quot;no-pagination&quot;,&quot;object_class_name&quot;:&quot;CoppolaCore_Blog_List_Shortcode&quot;,&quot;taxonomy_filter&quot;:&quot;category&quot;,&quot;additional_query_args&quot;:{&quot;tax_query&quot;:[{&quot;taxonomy&quot;:&quot;category&quot;,&quot;field&quot;:&quot;slug&quot;,&quot;terms&quot;:&quot;movie&quot;}]},&quot;space_value&quot;:15}\">\n\t\t<div class=\"qodef-grid-inner clear\">\n\t\t<article class=\"qodef-e qodef-blog-item qodef-grid-item qodef-item--custom post-14377 post type-post status-publish format-standard has-post-thumbnail hentry category-festival-program-2026 category-retrospective-shorts category-short-films tag-festival-program tag-retrospective-shorts\">\n\t<div class=\"qodef-e-inner\">\n\t\t<div class=\"qodef-e-media\">\n\t\t<div class=\"qodef-e-media-image\">\n\t\t<a itemprop=\"url\" href=\"https:\/\/xposedfilmfestival.com\/2026\/retrospective-short-film-program-3\/\">\n\t\t\t<img decoding=\"async\" src=\"https:\/\/xposedfilmfestival.com\/2026\/wp-content\/uploads\/2026\/04\/Vika-Kirchenbauer-PLEASE-RELAX-NOW-2014-video-12-mins-1-c-Vika-Kirchenbauer-VG-Bild-Kunst-Vika-Kirchenbauer-400x300.avif\" alt=\"\" width=\"400\" height=\"300\" data-ratio=\"1.33333333333\" \/>\t\t<\/a>\n\t<\/div>\n<\/div>\n\t\t<div class=\"qodef-e-content\">\n\t\t\t<div class=\"qodef-e-top-holder\">\n\t\t\t\t<div class=\"qodef-e-info\">\n\t\t\t\t\t<a href=\"https:\/\/xposedfilmfestival.com\/2026\/category\/festival-program-2026\/\" rel=\"tag\">Festival Program 2026<\/a><span class=\"qodef-info-separator-single\"><\/span><a href=\"https:\/\/xposedfilmfestival.com\/2026\/category\/retrospective-shorts\/\" rel=\"tag\">Retrospective Shorts<\/a><span class=\"qodef-info-separator-single\"><\/span><a href=\"https:\/\/xposedfilmfestival.com\/2026\/category\/movie\/short-films\/\" rel=\"tag\">Short Films<\/a><div class=\"qodef-info-separator-end\"><\/div>\n<a title=\"Title Text: \" itemprop=\"dateCreated\" href=\"https:\/\/xposedfilmfestival.com\/2026\/2026\/04\/\" class=\"entry-date \">\n\tApril 19, 2026<\/a><div class=\"qodef-info-separator-end\"><\/div>\n\t\t\t\t<\/div>\n\t\t\t<\/div>\n\t\t\t<div class=\"qodef-e-text\">\n\t\t\t\t<h6 itemprop=\"name\" class=\"qodef-e-title entry-title\" style=\"text-transform: initial\">\n\t<a itemprop=\"url\" class=\"qodef-e-title-link\" href=\"https:\/\/xposedfilmfestival.com\/2026\/retrospective-short-film-program-3\/\">\n\t\tRetrospective 3: Performative Disruptions\t<\/a>\n<\/h6>\n\t\t\t<\/div>\n\t\t\t<div class=\"qodef-e-bottom-holder\">\n\t\t\t\t\t\t\t\t\t\t\t<\/div>\n\t\t<\/div>\n\t<\/div>\n<\/article>\n<article class=\"qodef-e qodef-blog-item qodef-grid-item qodef-item--custom post-11675 post type-post status-publish format-standard has-post-thumbnail hentry category-feature-31-may category-feature category-movie tag-31-may tag-festival-program\">\n\t<div class=\"qodef-e-inner\">\n\t\t<div class=\"qodef-e-media\">\n\t\t<div class=\"qodef-e-media-image\">\n\t\t<a itemprop=\"url\" href=\"https:\/\/xposedfilmfestival.com\/2026\/familiar-places\/\">\n\t\t\t<img decoding=\"async\" data-src=\"https:\/\/xposedfilmfestival.com\/2026\/wp-content\/uploads\/2026\/04\/MalaReinhardt_FamiliarPlaces_Still02-Mala-Reinhardt-400x300.webp\" alt=\"\" width=\"400\" height=\"300\" data-ratio=\"1.33333333333\" src=\"data:image\/svg+xml;base64,PHN2ZyB3aWR0aD0iMSIgaGVpZ2h0PSIxIiB4bWxucz0iaHR0cDovL3d3dy53My5vcmcvMjAwMC9zdmciPjwvc3ZnPg==\" class=\"lazyload\" style=\"--smush-placeholder-width: 400px; --smush-placeholder-aspect-ratio: 400\/300;\" \/>\t\t<\/a>\n\t<\/div>\n<\/div>\n\t\t<div class=\"qodef-e-content\">\n\t\t\t<div class=\"qodef-e-top-holder\">\n\t\t\t\t<div class=\"qodef-e-info\">\n\t\t\t\t\t<a href=\"https:\/\/xposedfilmfestival.com\/2026\/category\/31-may\/feature-31-may\/\" rel=\"tag\">Feature<\/a><span class=\"qodef-info-separator-single\"><\/span><a href=\"https:\/\/xposedfilmfestival.com\/2026\/category\/movie\/feature\/\" rel=\"tag\">Feature<\/a><span class=\"qodef-info-separator-single\"><\/span><a href=\"https:\/\/xposedfilmfestival.com\/2026\/category\/movie\/\" rel=\"tag\">Movie<\/a><div class=\"qodef-info-separator-end\"><\/div>\n<a title=\"Title Text: \" itemprop=\"dateCreated\" href=\"https:\/\/xposedfilmfestival.com\/2026\/2026\/04\/\" class=\"entry-date \">\n\tApril 16, 2026<\/a><div class=\"qodef-info-separator-end\"><\/div>\n\t\t\t\t<\/div>\n\t\t\t<\/div>\n\t\t\t<div class=\"qodef-e-text\">\n\t\t\t\t<h6 itemprop=\"name\" class=\"qodef-e-title entry-title\" style=\"text-transform: initial\">\n\t<a itemprop=\"url\" class=\"qodef-e-title-link\" href=\"https:\/\/xposedfilmfestival.com\/2026\/familiar-places\/\">\n\t\tFamiliar Places\t<\/a>\n<\/h6>\n\t\t\t<\/div>\n\t\t\t<div class=\"qodef-e-bottom-holder\">\n\t\t\t\t\t\t\t\t\t\t\t<\/div>\n\t\t<\/div>\n\t<\/div>\n<\/article>\n<article class=\"qodef-e qodef-blog-item qodef-grid-item qodef-item--custom post-14442 post type-post status-publish format-standard has-post-thumbnail hentry category-festival-program-2026 category-retrospective-shorts category-short-films tag-festival-program tag-retrospective-shorts\">\n\t<div class=\"qodef-e-inner\">\n\t\t<div class=\"qodef-e-media\">\n\t\t<div class=\"qodef-e-media-image\">\n\t\t<a itemprop=\"url\" href=\"https:\/\/xposedfilmfestival.com\/2026\/retrospective-short-film-program-6\/\">\n\t\t\t<img loading=\"lazy\" decoding=\"async\" src=\"https:\/\/xposedfilmfestival.com\/2026\/wp-content\/uploads\/2026\/04\/csm_gettyabortions_still_2_b576beba03-400x300.avif\" alt=\"\" width=\"400\" height=\"300\" data-ratio=\"1.33333333333\" \/>\t\t<\/a>\n\t<\/div>\n<\/div>\n\t\t<div class=\"qodef-e-content\">\n\t\t\t<div class=\"qodef-e-top-holder\">\n\t\t\t\t<div class=\"qodef-e-info\">\n\t\t\t\t\t<a href=\"https:\/\/xposedfilmfestival.com\/2026\/category\/festival-program-2026\/\" rel=\"tag\">Festival Program 2026<\/a><span class=\"qodef-info-separator-single\"><\/span><a href=\"https:\/\/xposedfilmfestival.com\/2026\/category\/retrospective-shorts\/\" rel=\"tag\">Retrospective Shorts<\/a><span class=\"qodef-info-separator-single\"><\/span><a href=\"https:\/\/xposedfilmfestival.com\/2026\/category\/movie\/short-films\/\" rel=\"tag\">Short Films<\/a><div class=\"qodef-info-separator-end\"><\/div>\n<a title=\"Title Text: \" itemprop=\"dateCreated\" href=\"https:\/\/xposedfilmfestival.com\/2026\/2026\/04\/\" class=\"entry-date \">\n\tApril 19, 2026<\/a><div class=\"qodef-info-separator-end\"><\/div>\n\t\t\t\t<\/div>\n\t\t\t<\/div>\n\t\t\t<div class=\"qodef-e-text\">\n\t\t\t\t<h6 itemprop=\"name\" class=\"qodef-e-title entry-title\" style=\"text-transform: initial\">\n\t<a itemprop=\"url\" class=\"qodef-e-title-link\" href=\"https:\/\/xposedfilmfestival.com\/2026\/retrospective-short-film-program-6\/\">\n\t\tRetrospective 6: Against the Screen\u200b\t<\/a>\n<\/h6>\n\t\t\t<\/div>\n\t\t\t<div class=\"qodef-e-bottom-holder\">\n\t\t\t\t\t\t\t\t\t\t\t<\/div>\n\t\t<\/div>\n\t<\/div>\n<\/article>\n\t<\/div>\n\t<\/div>\n\t\t\t\t<\/div>\n\t\t\t\t<\/div>\n\t\t\t\t<div class=\"elementor-element elementor-element-dea5341 elementor-widget elementor-widget-html\" data-id=\"dea5341\" data-element_type=\"widget\" data-e-type=\"widget\" data-widget_type=\"html.default\">\n\t\t\t\t\t<style>\n.qodef-blog.qodef-item-layout--info-over .qodef-e-content {padding: 16px 16px 0px 16px;}\n.qodef-blog .qodef-blog-item {\n    position: relative;\n    overflow: hidden;\n}\n\n.qodef-blog .qodef-blog-item {\n    position: relative;\n    overflow: hidden;\n}\n\n.qodef-blog .qodef-e-media-image::after {\n    content: '';\n    position: absolute;\n    top: 0;\n    left: 0;\n    width: 100%;\n    height: 100%;\n    \/* Top: 30% alpha | Bottom: 70% alpha *\/\n    background: linear-gradient(to bottom, rgba(15, 20, 41, 0.1), rgba(15, 20, 41, 0.8));\n    pointer-events: none;\n    z-index: 1;\n}\n\n\/* Optional: Keep text above the overlay *\/\n.qodef-blog .qodef-blog-item .qodef-e-content,\n.qodef-blog .qodef-blog-item .qodef-e-text-main {\n    z-index: 2;\n}\n\n.qodef-blog .qodef-blog-item .qodef-e-info {\n    display: none !important;\n}\n\n\n\n\/* Main poster settings*\/\n\n\n\n@media (min-width: 1025px) {\n    \/* Posterin kapsay\u0131c\u0131s\u0131 ve kendisi *\/\n    #film-poster-container {\n        display: flex;\n        justify-content: flex-start; \/* Kapsay\u0131c\u0131 i\u00e7inde sola yaslar *\/\n    }\n\n    #film-poster-container img {\n        width: auto; \/* Geni\u015fli\u011fi orant\u0131l\u0131 b\u0131rak\u0131r *\/\n        max-width: 100%; \n        height: 85vh; \/* Ekran y\u00fcksekli\u011fine g\u00f6re \u00f6l\u00e7ekler *\/\n        max-height: 90vh;\n        object-fit: contain; \/* G\u00f6rselin tamam\u0131n\u0131 kesmeden g\u00f6sterir *\/\n        object-position: left top; \/* Resmi sol \u00fcst k\u00f6\u015feye yaslar *\/\n        display: block;\n        margin-left: 0;\n    }\n}\n\n@media (max-width: 768px) {\n    .qodef-blog.qodef-item-layout--info-over .qodef-e-content {\n        padding: 0px 5px 10px 15px !important;\n    }}\n<\/style>\n\t\t\t\t<\/div>\n\t\t\t\t\t<\/div>\n\t\t\t\t<\/div>\n\t\t\t\t<\/div>\n\t\t","protected":false},"excerpt":{"rendered":"<p>Black Man Days (Um dia de Neg\u00e3o) Babylon Kreuzberg 31.05.2026 &#8211; 20:30 Three black trans men confront manifestations of their unconscious while living their daily lives in the Salvador. Each encounter reflects their internal struggles and the pressures of a society that demands a rigid masculinity. Amidst these experiences, they share reflections on the expectations [&hellip;]<\/p>\n","protected":false},"author":1,"featured_media":12731,"comment_status":"closed","ping_status":"closed","sticky":false,"template":"","format":"standard","meta":{"footnotes":""},"categories":[150],"tags":[160],"class_list":["post-12287","post","type-post","status-publish","format-standard","has-post-thumbnail","hentry","category-short-films-single","tag-shorts-9"],"aioseo_notices":[],"_links":{"self":[{"href":"https:\/\/xposedfilmfestival.com\/2026\/wp-json\/wp\/v2\/posts\/12287","targetHints":{"allow":["GET"]}}],"collection":[{"href":"https:\/\/xposedfilmfestival.com\/2026\/wp-json\/wp\/v2\/posts"}],"about":[{"href":"https:\/\/xposedfilmfestival.com\/2026\/wp-json\/wp\/v2\/types\/post"}],"author":[{"embeddable":true,"href":"https:\/\/xposedfilmfestival.com\/2026\/wp-json\/wp\/v2\/users\/1"}],"replies":[{"embeddable":true,"href":"https:\/\/xposedfilmfestival.com\/2026\/wp-json\/wp\/v2\/comments?post=12287"}],"version-history":[{"count":7,"href":"https:\/\/xposedfilmfestival.com\/2026\/wp-json\/wp\/v2\/posts\/12287\/revisions"}],"predecessor-version":[{"id":14820,"href":"https:\/\/xposedfilmfestival.com\/2026\/wp-json\/wp\/v2\/posts\/12287\/revisions\/14820"}],"wp:featuredmedia":[{"embeddable":true,"href":"https:\/\/xposedfilmfestival.com\/2026\/wp-json\/wp\/v2\/media\/12731"}],"wp:attachment":[{"href":"https:\/\/xposedfilmfestival.com\/2026\/wp-json\/wp\/v2\/media?parent=12287"}],"wp:term":[{"taxonomy":"category","embeddable":true,"href":"https:\/\/xposedfilmfestival.com\/2026\/wp-json\/wp\/v2\/categories?post=12287"},{"taxonomy":"post_tag","embeddable":true,"href":"https:\/\/xposedfilmfestival.com\/2026\/wp-json\/wp\/v2\/tags?post=12287"}],"curies":[{"name":"wp","href":"https:\/\/api.w.org\/{rel}","templated":true}]}}